{"name":"Optica Mar\u00eda y Jos\u00e9","short_name":"Optica Mar\u00ed","start_url":".\/","scope":"\/","display":"standalone","background_color":"#ffffff","theme_color":"#000000","icons":[{"src":"https:\/\/centropticmariayjose.tdenlace.com\/wp-content\/uploads\/2025\/11\/cropped-iconomj.png","sizes":"192x192","type":"image\/png"},{"src":"https:\/\/centropticmariayjose.tdenlace.com\/wp-content\/uploads\/2025\/11\/cropped-iconomj.png","sizes":"512x512","type":"image\/png"}]}